[{"@context":"https:\/\/schema.org\/","@type":"Article","@id":"https:\/\/www.cmsozzn.cz\/politika-neni-pro-vsechny\/#Article","mainEntityOfPage":"https:\/\/www.cmsozzn.cz\/politika-neni-pro-vsechny\/","headline":"Politika nen\u00ed pro v\u0161echny","name":"Politika nen\u00ed pro v\u0161echny","description":"Doporu\u010duji v\u00e1m, nikdy se neple\u0165te do n\u011bjak\u00fdch politick\u00fdch spor\u016f. Mus\u00edm v\u00e1m \u0159\u00edct, \u017ee se to absolutn\u011b nevyplat\u00ed. Zn\u00e1m toti\u017e n\u011bkolik p\u0159\u00edpad\u016f, kdy se politick\u00e9 n\u00e1zory strhli v n\u011bjakou velkou rva\u010dku. A tohle j\u00e1 nem\u00e1m v\u016fbec r\u00e1da. M\u00e1m r\u00e1da pohodu a kdy se lid\u00e9 spolu dok\u00e1\u017e\u00ed p\u011bkn\u011b v klidu bavit. A to \u00fapln\u011b o...","datePublished":"2022-01-24","dateModified":"2023-05-01","author":{"@type":"Person","@id":"https:\/\/www.cmsozzn.cz\/author\/devene\/#Person","name":"devene","url":"https:\/\/www.cmsozzn.cz\/author\/devene\/","identifier":1,"image":{"@type":"ImageObject","@id":"https:\/\/secure.gravatar.com\/avatar\/e32c915fa5b274a4469e3ef5c1f9837e76577a60613858c5c8a74a3de98e33bc?s=96&d=mm&r=g","url":"https:\/\/secure.gravatar.com\/avatar\/e32c915fa5b274a4469e3ef5c1f9837e76577a60613858c5c8a74a3de98e33bc?s=96&d=mm&r=g","height":96,"width":96}},"publisher":{"@type":"Organization","name":"cmsozzn.cz","logo":{"@type":"ImageObject","@id":"\/logo.png","url":"\/logo.png","width":600,"height":60}},"image":{"@type":"ImageObject","@id":"https:\/\/www.cmsozzn.cz\/wp-content\/uploads\/reading-4330761_640_1.jpg","url":"https:\/\/www.cmsozzn.cz\/wp-content\/uploads\/reading-4330761_640_1.jpg","height":0,"width":0},"url":"https:\/\/www.cmsozzn.cz\/politika-neni-pro-vsechny\/","about":["Politika"],"wordCount":428,"articleBody":"Doporu\u010duji v\u00e1m, nikdy se neple\u0165te do n\u011bjak\u00fdch politick\u00fdch spor\u016f. Mus\u00edm v\u00e1m \u0159\u00edct, \u017ee se to absolutn\u011b nevyplat\u00ed. Zn\u00e1m toti\u017e n\u011bkolik p\u0159\u00edpad\u016f, kdy se politick\u00e9 n\u00e1zory strhli v n\u011bjakou velkou rva\u010dku. A tohle j\u00e1 nem\u00e1m v\u016fbec r\u00e1da. M\u00e1m r\u00e1da pohodu a kdy se lid\u00e9 spolu dok\u00e1\u017e\u00ed p\u011bkn\u011b v klidu bavit. A to \u00fapln\u011b o jak\u00e9mkoliv t\u00e9matu. Bohu\u017eel ale politika je takov\u00e9 t\u00e9ma, \u017ee ne v\u0161em se to m\u016f\u017ee l\u00edbit, a tak jsem si \u0159ekla, \u017ee by to cht\u011blo asi n\u011bjak zm\u011bnit. Pro\u010d se v\u0161ichni zaj\u00edmaj\u00ed o politiku, kdy\u017e se potom rozh\u00e1daj\u00ed? Je to jako na fotbalov\u00e9m h\u0159i\u0161ti a na n\u011bjak\u00e9m fotbalov\u00e9m z\u00e1pase. Tam se lid\u00e9 po\u0159\u00e1d h\u00e1daj\u00ed kv\u016fli blbostem. Nebo si stoj\u00ed za svou pravdou, i kdy\u017e pravda je \u00fapln\u011b jinde. A to sam\u00e9 je tady s politikou. Politika je sice d\u016fle\u017eit\u00e1 a je dobr\u00e9 zn\u00e1t n\u011bjak\u00e9 z\u00e1kladn\u00ed vlastnosti politiky.Proto\u017ee cel\u00fd sv\u011bt je o politice a ekonomice. A politika je \u010d\u00e1st st\u00e1tu. Tak\u017ee se vyplat\u00ed n\u011bco m\u00e1lo v\u011bd\u011bt. J\u00e1 jsem na tom tak. Politika m\u011b zaj\u00edm\u00e1 posledn\u00ed dva t\u0159i roky. Chci b\u00fdt v obraze. A mysl\u00edm, \u017ee v tom nejsem sama, proto jsem si \u0159ekla, \u017ee jsi tomu budu v\u011bnovat v\u00edce. A jak to dopadlo? Politika m\u011b za\u010dala opravdu moc bavit. Ani nev\u00edm jak. Mo\u017en\u00e1 je to t\u00edm, \u017ee jsem pochopila kouzlo politiky. Mysl\u00edm, \u017ee by to tak m\u011blo asi hodn\u011b lid\u00ed. Proto\u017ee dokud nezkus\u00edte to nepoznan\u00e9, tak to ani nepozn\u00e1te, jak\u00e9 je to ve skute\u010dnosti. A o tomhle politika mysl\u00edm \u017ee je. A kdy\u017e top tak vezmu, tak v\u0161echno m\u00e1 sv\u00e9 kouzlo a to, co si zaslou\u017e\u00ed pochopit. Mo\u017en\u00e1 nic nen\u00ed tak \u010dern\u00e9, jak se na\u00a0prvn\u00ed pohled m\u016f\u017ee zd\u00e1t. V\u0161echno m\u00e1 sv\u00e9 pro a proti. Ov\u0161em politika je n\u011bco jin\u00e9ho. O tom je cel\u00fd st\u00e1t, na\u0161e \u010cesk\u00e1 republika. Tak\u017ee mysl\u00edm, \u017ee ka\u017ed\u00fd ob\u010das by m\u011bl zn\u00e1t alespo\u0148 n\u011bco.\u00a0A jak jste na tom vy s politikou a politick\u00fdmi koment\u00e1\u0159i? Taky jste u\u017e zjistili, \u017ee nen\u00ed\u00a0radno\u00a0se jen tak\u00a0bavit o politice? Mysl\u00edm ale, \u017ee jednou to pozn\u00e1 jist\u011b ka\u017ed\u00fd.\u00a0                                                                                                                                                                                                                                                                                                                                                                                        4.3\/5 - (12 votes)        "},{"@context":"https:\/\/schema.org\/","@type":"BreadcrumbList","itemListElement":[{"@type":"ListItem","position":1,"name":"Politika nen\u00ed pro v\u0161echny","item":"https:\/\/www.cmsozzn.cz\/politika-neni-pro-vsechny\/#breadcrumbitem"}]}]