[{"@context":"https:\/\/schema.org\/","@type":"Article","@id":"https:\/\/www.cmsozzn.cz\/paruka-z-pravych-vlasu-jako-pomocnik-pri-padani-vlasu\/#Article","mainEntityOfPage":"https:\/\/www.cmsozzn.cz\/paruka-z-pravych-vlasu-jako-pomocnik-pri-padani-vlasu\/","headline":"Paruka z prav\u00fdch vlas\u016f jako pomocn\u00edk p\u0159i pad\u00e1n\u00ed vlas\u016f","name":"Paruka z prav\u00fdch vlas\u016f jako pomocn\u00edk p\u0159i pad\u00e1n\u00ed vlas\u016f","description":"Lidsk\u00e9 t\u011blo funguje na syst\u00e9mu priorit. Kdyby tomu tak nebylo, nemohli bychom p\u0159e\u017e\u00edt \u017e\u00e1dnou obt\u00ed\u017en\u011bj\u0161\u00ed \u017eivotn\u00ed situaci. Priority v lidsk\u00e9m t\u011ble jsou nastaven\u00e9 tak, \u017ee na prvn\u00edm m\u00edst\u011b mus\u00ed b\u00fdt v\u017edy srdce a krevn\u00ed ob\u011bh, mozek, j\u00e1tra a ledviny \u2013 bez t\u011bchto org\u00e1n\u016f \u010dlov\u011bk um\u00edr\u00e1 v pom\u011brn\u011b kr\u00e1tk\u00e9 dob\u011b. V\u0161echno ostatn\u00ed je pod\u0159\u00edzeno...","datePublished":"2024-11-27","dateModified":"2024-11-27","author":{"@type":"Person","@id":"https:\/\/www.cmsozzn.cz\/author\/devene\/#Person","name":"devene","url":"https:\/\/www.cmsozzn.cz\/author\/devene\/","identifier":1,"image":{"@type":"ImageObject","@id":"https:\/\/secure.gravatar.com\/avatar\/e32c915fa5b274a4469e3ef5c1f9837e76577a60613858c5c8a74a3de98e33bc?s=96&d=mm&r=g","url":"https:\/\/secure.gravatar.com\/avatar\/e32c915fa5b274a4469e3ef5c1f9837e76577a60613858c5c8a74a3de98e33bc?s=96&d=mm&r=g","height":96,"width":96}},"publisher":{"@type":"Organization","name":"cmsozzn.cz","logo":{"@type":"ImageObject","@id":"\/logo.png","url":"\/logo.png","width":600,"height":60}},"image":{"@type":"ImageObject","@id":"https:\/\/www.cmsozzn.cz\/wp-content\/uploads\/mannequin-1079923_640_2.jpg","url":"https:\/\/www.cmsozzn.cz\/wp-content\/uploads\/mannequin-1079923_640_2.jpg","height":0,"width":0},"url":"https:\/\/www.cmsozzn.cz\/paruka-z-pravych-vlasu-jako-pomocnik-pri-padani-vlasu\/","about":["V\u00fdrobky"],"wordCount":430,"articleBody":"      Lidsk\u00e9 t\u011blo funguje na syst\u00e9mu priorit. Kdyby tomu tak nebylo, nemohli bychom p\u0159e\u017e\u00edt \u017e\u00e1dnou obt\u00ed\u017en\u011bj\u0161\u00ed \u017eivotn\u00ed situaci. Priority v lidsk\u00e9m t\u011ble jsou nastaven\u00e9 tak, \u017ee na prvn\u00edm m\u00edst\u011b mus\u00ed b\u00fdt v\u017edy srdce a krevn\u00ed ob\u011bh, mozek, j\u00e1tra a ledviny \u2013 bez t\u011bchto org\u00e1n\u016f \u010dlov\u011bk um\u00edr\u00e1 v pom\u011brn\u011b kr\u00e1tk\u00e9 dob\u011b. V\u0161echno ostatn\u00ed je pod\u0159\u00edzeno funkc\u00edm t\u011bchto \u017eivotn\u011b d\u016fle\u017eit\u00fdch \u010d\u00e1st\u00ed t\u011bla, a jestli\u017ee nap\u0159\u00edklad p\u0159ij\u00edm\u00e1te nevhodnou stravu s nedostatkem \u017eivin, pr\u016fmyslov\u011b upravenou, s obsahem r\u016fzn\u00fdch \u00e9\u010dek, s b\u00edl\u00fdm cukrem a z b\u00edl\u00e9 mouky, t\u011blo si z takov\u00e9 stravy sebere v\u011bt\u0161inu \u017eivin pro v\u00fd\u0161e jmenovan\u00e9 org\u00e1ny, a na to ostatn\u00ed se ji\u017e \u017eiviny nedost\u00e1vaj\u00ed.Projevuje se to pak tak, (pokud je deficit \u017eivin dlouhodob\u00fd a zna\u010dn\u00fd), \u017ee nap\u0159\u00edklad rychleji st\u00e1rnete ve vn\u011bj\u0161\u00edch projevech, to znamen\u00e1 nejm\u00e9n\u011b prioritn\u00ed \u010d\u00e1sti t\u011bla jsou va\u0161e vlasy, zuby, nehty a poko\u017eka. Zrychlen\u00e9 a p\u0159ed\u010dasn\u00e9 st\u00e1rnut\u00ed prov\u00e1z\u00ed sou\u010dasnou dobu a m\u016f\u017eete si toho v\u0161imnout kolem sebe, nebo t\u0159eba i na sob\u011b, a t\u0159eba i v\u00e1m se m\u016f\u017ee p\u0159ihodit nep\u0159\u00edjemnost, \u017ee v\u00e1m za\u010dnou v\u00fdrazn\u011b vypad\u00e1vat a \u0159\u00eddnout vlasy, co\u017e zejm\u00e9na u \u017een nen\u00ed nic p\u0159\u00edjemn\u00e9ho. Vlasy \u017eenskou kr\u00e1su podtrhuj\u00ed velmi v\u00fdznamn\u011b, a tak ne\u017e se zas d\u00e1te dohromady a t\u0159eba zm\u011bn\u00edte \u017eivotn\u00ed styl, m\u016f\u017ee se v\u00e1m hodit paruka z Prahy Prodlu\u017eov\u00e1n\u00ed vlas\u016f. Paruky se dnes vyr\u00e1b\u00ed ze syntetick\u00fdch i \u017eiv\u00fdch vlas\u016f a mohou v\u00e1m nahradit va\u0161i po\u0161kozenou vlasovou pokr\u00fdvku, p\u0159\u00edpadn\u011b pokud m\u00e1te z\u00e1jem, lze paruku nosit i pro zm\u011bnu va\u0161\u00ed image. Paruky z prav\u00fdch vlas\u016f jsou kvalitn\u00ed v\u00fdrobky, a lze je vyu\u017e\u00edvat po cel\u00fd rok, s ohledem na pat\u0159i\u010dnou p\u00e9\u010di o tyto v\u00fdrobky. Jak se o paruky starat, s t\u00edm v\u00e1m porad\u00ed odborn\u00edci, d\u016fle\u017eit\u00e9 je v\u011bd\u011bt, jak je spr\u00e1vn\u011b um\u00fdvat a su\u0161it, jak je spr\u00e1vn\u011b skladovat a jak o n\u011b pe\u010dovat p\u0159irozen\u00fdm zp\u016fsobem \u2013 tedy vyhnout se nevhodn\u00fdm postup\u016fm, r\u016fzn\u00fdm chemik\u00e1li\u00edm apod. Paruky z prav\u00fdch vlas\u016f jsou zkr\u00e1tka velmi citliv\u00e9 na ne\u0161etrn\u00e9 zach\u00e1zen\u00ed.                                                                                                                                                                                                                                                                                                                                                                                          3.2\/5 - (5 votes)        "},{"@context":"https:\/\/schema.org\/","@type":"BreadcrumbList","itemListElement":[{"@type":"ListItem","position":1,"name":"Paruka z prav\u00fdch vlas\u016f jako pomocn\u00edk p\u0159i pad\u00e1n\u00ed vlas\u016f","item":"https:\/\/www.cmsozzn.cz\/paruka-z-pravych-vlasu-jako-pomocnik-pri-padani-vlasu\/#breadcrumbitem"}]}]