[{"@context":"https:\/\/schema.org\/","@type":"Article","@id":"https:\/\/www.cmsozzn.cz\/nechte-si-u-nas-vymenit-sklo-vaseho-vozu\/#Article","mainEntityOfPage":"https:\/\/www.cmsozzn.cz\/nechte-si-u-nas-vymenit-sklo-vaseho-vozu\/","headline":"Nechte si u n\u00e1s vym\u011bnit sklo Va\u0161eho vozu","name":"Nechte si u n\u00e1s vym\u011bnit sklo Va\u0161eho vozu","description":"Po\u0161kozen\u00ed skel, a\u0165 ji\u017e p\u0159i autonehod\u011b \u010di jin\u00fdch ud\u00e1lostech je schopna b\u011bhem m\u017eiku na\u0161e firma vy\u0159e\u0161it. Autoskla Praha V\u00e1m mohou nab\u00eddnout opravu \u010di rovnou v\u00fdm\u011bnu skel nejen u osobn\u00edch automobil\u016f, ale tak\u00e9 i u n\u00e1kla\u010f\u00e1k\u016f a autobus\u016f. Vym\u011bn\u00edme nebo oprav\u00edme jak skla \u010deln\u00ed, tak i skla zadn\u00ed a bo\u010dn\u00ed. Zku\u0161enost\u00ed m\u00e1me na rozd\u00e1v\u00e1n\u00ed...","datePublished":"2024-12-17","dateModified":"2024-12-17","author":{"@type":"Person","@id":"https:\/\/www.cmsozzn.cz\/author\/devene\/#Person","name":"devene","url":"https:\/\/www.cmsozzn.cz\/author\/devene\/","identifier":1,"image":{"@type":"ImageObject","@id":"https:\/\/secure.gravatar.com\/avatar\/e32c915fa5b274a4469e3ef5c1f9837e76577a60613858c5c8a74a3de98e33bc?s=96&d=mm&r=g","url":"https:\/\/secure.gravatar.com\/avatar\/e32c915fa5b274a4469e3ef5c1f9837e76577a60613858c5c8a74a3de98e33bc?s=96&d=mm&r=g","height":96,"width":96}},"publisher":{"@type":"Organization","name":"cmsozzn.cz","logo":{"@type":"ImageObject","@id":"\/logo.png","url":"\/logo.png","width":600,"height":60}},"url":"https:\/\/www.cmsozzn.cz\/nechte-si-u-nas-vymenit-sklo-vaseho-vozu\/","wordCount":194,"articleBody":"Po\u0161kozen\u00ed skel, a\u0165 ji\u017e p\u0159i autonehod\u011b \u010di jin\u00fdch ud\u00e1lostech je schopna b\u011bhem m\u017eiku na\u0161e firma vy\u0159e\u0161it. Autoskla Praha V\u00e1m mohou nab\u00eddnout opravu \u010di rovnou v\u00fdm\u011bnu skel nejen u osobn\u00edch automobil\u016f, ale tak\u00e9 i u n\u00e1kla\u010f\u00e1k\u016f a autobus\u016f. Vym\u011bn\u00edme nebo oprav\u00edme jak skla \u010deln\u00ed, tak i skla zadn\u00ed a bo\u010dn\u00ed. Zku\u0161enost\u00ed m\u00e1me na rozd\u00e1v\u00e1n\u00ed a na kvalitu na\u0161\u00ed pr\u00e1ce se m\u016f\u017eete spolehnout.Na\u0161e nab\u00eddka je opravdu \u0161irok\u00e1Na\u0161e nab\u00eddka se samoz\u0159ejm\u011b neskl\u00e1d\u00e1 pouze z v\u00fdm\u011bny skel, ale m\u016f\u017eeme V\u00e1m tak\u00e9 poskytnou i renovaci sv\u011btlomet\u016f, \u0159e\u017eeme i skla na m\u00edru nebo se zab\u00fdv\u00e1me mobiln\u00edmi mont\u00e1\u017eemi. Jsme schopni a ochotni Va\u0161im jm\u00e9nem jednat i s poji\u0161\u0165ovnou. Pokud m\u00e1te o na\u0161e slu\u017eby z\u00e1jem, najdete n\u00e1s snadno, p\u0159es na\u0161e internetov\u00e9 str\u00e1nky, kde se nach\u00e1zej\u00ed adresy v\u0161ech na\u0161ich pobo\u010dek. P\u0159\u00edpadn\u011b n\u00e1s m\u016f\u017eete kontaktovat na n\u00e1\u0161 email \u010di rovnou zatelefonovat.                                                                                                                                                                                                                                                                                                                                                                                                "},{"@context":"https:\/\/schema.org\/","@type":"BreadcrumbList","itemListElement":[{"@type":"ListItem","position":1,"name":"Nechte si u n\u00e1s vym\u011bnit sklo Va\u0161eho vozu","item":"https:\/\/www.cmsozzn.cz\/nechte-si-u-nas-vymenit-sklo-vaseho-vozu\/#breadcrumbitem"}]}]