[{"@context":"https:\/\/schema.org\/","@type":"Article","@id":"https:\/\/www.cmsozzn.cz\/lze-se-stat-nekym-kdo-udava-modni-trendy\/#Article","mainEntityOfPage":"https:\/\/www.cmsozzn.cz\/lze-se-stat-nekym-kdo-udava-modni-trendy\/","headline":"Lze se st\u00e1t n\u011bk\u00fdm, kdo ud\u00e1v\u00e1 m\u00f3dn\u00ed trendy?","name":"Lze se st\u00e1t n\u011bk\u00fdm, kdo ud\u00e1v\u00e1 m\u00f3dn\u00ed trendy?","description":"Snad ka\u017ed\u00e1 \u017eena tou\u017e\u00ed po tom b\u00fdt kr\u00e1sn\u00e1. S\u00a0t\u00edm souvis\u00ed tak\u00e9 to, jak se obl\u00e9k\u00e1. Ov\u0161em a\u010dkoliv n\u00e1s r\u016fzn\u00e9 motiva\u010dn\u00ed p\u0159\u00edsp\u011bvky na soci\u00e1ln\u00edch s\u00edt\u00edch vyb\u00edz\u00ed, abychom na\u0161li sv\u016fj vlastn\u00ed styl, je pot\u0159eba p\u0159iznat, \u017ee v\u011bt\u0161ina z\u00a0n\u00e1s bude jednodu\u0161e n\u00e1sledovat m\u00f3dn\u00ed trendy. \u00a0 To samoz\u0159ejm\u011b nen\u00ed ide\u00e1ln\u00ed, nebo\u0165 zdaleka ne v\u0161e, co je moment\u00e1ln\u011b...","datePublished":"2022-03-31","dateModified":"2023-05-01","author":{"@type":"Person","@id":"https:\/\/www.cmsozzn.cz\/author\/devene\/#Person","name":"devene","url":"https:\/\/www.cmsozzn.cz\/author\/devene\/","identifier":1,"image":{"@type":"ImageObject","@id":"https:\/\/secure.gravatar.com\/avatar\/e32c915fa5b274a4469e3ef5c1f9837e76577a60613858c5c8a74a3de98e33bc?s=96&d=mm&r=g","url":"https:\/\/secure.gravatar.com\/avatar\/e32c915fa5b274a4469e3ef5c1f9837e76577a60613858c5c8a74a3de98e33bc?s=96&d=mm&r=g","height":96,"width":96}},"publisher":{"@type":"Organization","name":"cmsozzn.cz","logo":{"@type":"ImageObject","@id":"\/logo.png","url":"\/logo.png","width":600,"height":60}},"image":{"@type":"ImageObject","@id":"https:\/\/www.cmsozzn.cz\/wp-content\/uploads\/moda4_3.jpg","url":"https:\/\/www.cmsozzn.cz\/wp-content\/uploads\/moda4_3.jpg","height":0,"width":0},"url":"https:\/\/www.cmsozzn.cz\/lze-se-stat-nekym-kdo-udava-modni-trendy\/","about":["M\u00f3da"],"wordCount":445,"articleBody":"Snad ka\u017ed\u00e1 \u017eena tou\u017e\u00ed po tom b\u00fdt kr\u00e1sn\u00e1. S\u00a0t\u00edm souvis\u00ed tak\u00e9 to, jak se obl\u00e9k\u00e1. Ov\u0161em a\u010dkoliv n\u00e1s r\u016fzn\u00e9 motiva\u010dn\u00ed p\u0159\u00edsp\u011bvky na soci\u00e1ln\u00edch s\u00edt\u00edch vyb\u00edz\u00ed, abychom na\u0161li sv\u016fj vlastn\u00ed styl, je pot\u0159eba p\u0159iznat, \u017ee v\u011bt\u0161ina z\u00a0n\u00e1s bude jednodu\u0161e n\u00e1sledovat m\u00f3dn\u00ed trendy.\u00a0To samoz\u0159ejm\u011b nen\u00ed ide\u00e1ln\u00ed, nebo\u0165 zdaleka ne v\u0161e, co je moment\u00e1ln\u011b v\u00a0m\u00f3d\u011b, se pro n\u00e1s hod\u00ed. Nav\u00edc je zde tak\u00e9 fakt, \u017ee v\u011bt\u0161ina \u017een tou\u017e\u00ed zaz\u00e1\u0159it a b\u00fdt centrem pozornosti. Proto \u010dasto tou\u017e\u00ed po tom, aby to byly pr\u00e1v\u011b ony, kdo tyto m\u00f3dn\u00ed trendy ud\u00e1v\u00e1, by\u0165 i jen v\u00a0\u00fazk\u00e9m okruhu rodiny \u010di na pracovi\u0161ti.\u00a0\u00a0Tento sen je v\u0161ak h\u016f\u0159e splniteln\u00fd, ne\u017e by se mohlo na prvn\u00ed pohled zd\u00e1t. Jen m\u00e1lokdo m\u00e1 toti\u017e tolik vkusu a z\u00e1rove\u0148 i zdrav\u00e9 sebekritiky, \u017ee dok\u00e1\u017ee posoudit, co mu opravdu slu\u0161\u00ed. U v\u011bt\u0161iny z\u00a0n\u00e1s to \u010dasto nedopad\u00e1 dob\u0159e \u2013 bu\u010f zvol\u00edme naprosto standardn\u00ed outfit, nebo takov\u00fd, kter\u00fd je p\u0159\u00edli\u0161 v\u00fdrazn\u00e1, p\u0159\u00edpadn\u011b se v\u016fbec nehod\u00ed na na\u0161i postavu.\u00a0V\u00fd\u0161e uveden\u00e9 v\u0161ak neznamen\u00e1, \u017ee bychom se o to nem\u011bli pokou\u0161et. Jen je pot\u0159eba b\u00fdt dostate\u010dn\u011b realisti\u010dt\u00ed a zn\u00e1t jak sv\u00e9 p\u0159ednosti, tak i vady. Pokud si nejsme jisti, m\u016f\u017eeme po\u017e\u00e1dat o pomoc odborn\u00edka, i kdy\u017e zde je pot\u0159eba dob\u0159e vyb\u00edrat.\u00a0\u00a0V\u00a0neposledn\u00ed \u0159ad\u011b je v\u0161ak tak\u00e9 d\u016fle\u017eit\u00e9, aby n\u00e1\u0161 od\u011bv odpov\u00eddal nejen postav\u011b, ale tak\u00e9 povaze. Introvertka, kter\u00e1 nem\u00e1 r\u00e1da p\u0159\u00edli\u0161nou pozornost, se asi nebude c\u00edtit nejl\u00e9pe ve v\u00fdrazn\u00e9m, vyz\u00fdvav\u00e9m outfitu p\u0159itahuj\u00edc\u00edm pozornost. A plat\u00ed to i naopak, extrovertka nebude spokojen\u00e1 s\u00a0nev\u00fdrazn\u00fdm oble\u010den\u00edm, d\u00edky kter\u00e9mu nepozorovan\u011b zapadne.\u00a0Pak je zde samoz\u0159ejm\u011b tak\u00e9 p\u0159\u00edle\u017eitost, pro kterou si dan\u00e9 oble\u010den\u00ed bereme. Do zam\u011bstn\u00e1n\u00ed si nejsp\u00ed\u0161 nevezmeme plesov\u00e9 \u0161aty a na party nep\u016fjdeme v\u00a0tepl\u00e1k\u00e1ch. Nav\u00edc na mnoha m\u00edstech je p\u0159edeps\u00e1n takzvan\u00fd dress code, kter\u00fd je pot\u0159eba dodr\u017eovat.\u00a0Je jasn\u00e9, \u017ee zkombinovat v\u0161e v\u00fd\u0161e uveden\u00e9 je n\u00e1ro\u010dn\u00e1 z\u00e1le\u017eitost. Pokud v\u0161ak chcete skute\u010dn\u011b zaz\u00e1\u0159it a b\u00fdt t\u00edm, kdo na sebe strh\u00e1v\u00e1 pozornost, nezbude v\u00e1m nic jin\u00e9ho, ne\u017e se to nau\u010dit.                                                                                                                                                                                                                                                                                                                                                                                        4.1\/5 - (11 votes)        "},{"@context":"https:\/\/schema.org\/","@type":"BreadcrumbList","itemListElement":[{"@type":"ListItem","position":1,"name":"Lze se st\u00e1t n\u011bk\u00fdm, kdo ud\u00e1v\u00e1 m\u00f3dn\u00ed trendy?","item":"https:\/\/www.cmsozzn.cz\/lze-se-stat-nekym-kdo-udava-modni-trendy\/#breadcrumbitem"}]}]