[{"@context":"https:\/\/schema.org\/","@type":"Article","@id":"https:\/\/www.cmsozzn.cz\/kam-se-podelo-slusne-vychovani\/#Article","mainEntityOfPage":"https:\/\/www.cmsozzn.cz\/kam-se-podelo-slusne-vychovani\/","headline":"Kam se pod\u011blo slu\u0161n\u00e9 vychov\u00e1n\u00ed?","name":"Kam se pod\u011blo slu\u0161n\u00e9 vychov\u00e1n\u00ed?","description":"S ur\u010ditost\u00ed lze hodit na dne\u0161n\u00ed dobu fakt, \u017ee jsou dnes lidi (nejen dosp\u011bl\u00ed, ale i d\u011bti) m\u00e9n\u011b zdvo\u0159il\u00ed a na sebe hodn\u011bj\u0161\u00ed, ne\u017e tomu bylo n\u011bkdy u\u017e hodn\u011b d\u00e1vno. Je skute\u010dn\u011b v\u00fdjimkou, kdy\u017e dnes naraz\u00edte na slu\u0161n\u00e9 jedn\u00e1n\u00ed, kter\u00e9mu p\u0159edch\u00e1z\u00ed slu\u0161n\u00e9 vychov\u00e1n\u00ed a \u00facta k lidem, kter\u00e1 by m\u011bla b\u00fdt pro ka\u017ed\u00e9ho...","datePublished":"2025-03-02","dateModified":"2023-05-01","author":{"@type":"Person","@id":"https:\/\/www.cmsozzn.cz\/author\/devene\/#Person","name":"devene","url":"https:\/\/www.cmsozzn.cz\/author\/devene\/","identifier":1,"image":{"@type":"ImageObject","@id":"https:\/\/secure.gravatar.com\/avatar\/e32c915fa5b274a4469e3ef5c1f9837e76577a60613858c5c8a74a3de98e33bc?s=96&d=mm&r=g","url":"https:\/\/secure.gravatar.com\/avatar\/e32c915fa5b274a4469e3ef5c1f9837e76577a60613858c5c8a74a3de98e33bc?s=96&d=mm&r=g","height":96,"width":96}},"publisher":{"@type":"Organization","name":"cmsozzn.cz","logo":{"@type":"ImageObject","@id":"\/logo.png","url":"\/logo.png","width":600,"height":60}},"image":{"@type":"ImageObject","@id":"https:\/\/www.cmsozzn.cz\/wp-content\/uploads\/img_a326437_w2260_t1538595913.jpg","url":"https:\/\/www.cmsozzn.cz\/wp-content\/uploads\/img_a326437_w2260_t1538595913.jpg","height":0,"width":0},"url":"https:\/\/www.cmsozzn.cz\/kam-se-podelo-slusne-vychovani\/","wordCount":537,"articleBody":"S ur\u010ditost\u00ed lze hodit na dne\u0161n\u00ed dobu fakt, \u017ee jsou dnes lidi (nejen dosp\u011bl\u00ed, ale i d\u011bti) m\u00e9n\u011b zdvo\u0159il\u00ed a na sebe hodn\u011bj\u0161\u00ed, ne\u017e tomu bylo n\u011bkdy u\u017e hodn\u011b d\u00e1vno. Je skute\u010dn\u011b v\u00fdjimkou, kdy\u017e dnes naraz\u00edte na slu\u0161n\u00e9 jedn\u00e1n\u00ed, kter\u00e9mu p\u0159edch\u00e1z\u00ed slu\u0161n\u00e9 vychov\u00e1n\u00ed a \u00facta k lidem, kter\u00e1 by m\u011bla b\u00fdt pro ka\u017ed\u00e9ho samoz\u0159ejmost\u00ed.\tPro\u010d dnes v\u0161ichni vystupuj\u00ed negativn\u011b?Doba, ve kter\u00e9 \u017eijeme, skute\u010dn\u011b nen\u00ed nijak p\u0159\u00edzniv\u011b naklon\u011bn\u00e1 slu\u0161nosti, a to je i vid\u011bt v ka\u017ed\u00e9 situaci, kter\u00e1 si pozitivn\u00ed a p\u0159\u00e1telsk\u00fd p\u0159\u00edstup vy\u017eaduje. A\u0165 u\u017e je to v pr\u00e1ci, ve \u0161kole (nebo \u0161kolce), v obchod\u011b nebo kdekoliv, kde se setk\u00e1te s kontaktem lid\u00ed, \u010dasto naraz\u00edte na to, \u017ee jsou lidi protivn\u00ed a nep\u0159\u00edjemn\u00ed (mnohdy agresivn\u00ed nebo vulg\u00e1rn\u00ed) a vy si \u0159\u00edk\u00e1te, \u017ee to u\u017e dnes opravdu nen\u00ed mo\u017en\u00e9.I d\u00edky tlaku, stresu a nerv\u016fm, kter\u00e9 ka\u017ed\u00fd b\u011b\u017en\u00fd den nab\u00edz\u00ed jak\u00e9koliv za\u0159\u00edzen\u00ed, kde je spole\u010densk\u00e9 vy\u017eit\u00ed, jsou dnes lidi pom\u011brn\u011b otr\u00e1ven\u00ed a d\u00e1vaj\u00ed v\u00e1m to samoz\u0159ejm\u011b na zn\u00e1most.\tNep\u0159\u00edpustn\u00e9 chov\u00e1n\u00ed d\u011bt\u00edZa v\u00fdchovou d\u011bt\u00ed stoj\u00ed v\u017edy rodi\u010de. Proto se nelze p\u0159esn\u011b vymluvit na to, \u017ee je takov\u00e1 doba, ale uv\u011bdomit si, \u017ee d\u011bti maj\u00ed ve v\u00e1s vzor a vychov\u00e1n\u00ed, kter\u00e9 jim m\u00e1 ur\u010dit jejich respekt k star\u0161\u00edm lidem, se kter\u00fdmi p\u0159ijdou do styku.Pokud ho od sv\u00fdch rodi\u010d\u016f nedost\u00e1vaj\u00ed a nejsou veden\u00e9 k tomu, aby s lidmi vych\u00e1zely slu\u0161n\u011b a pokorn\u011b, samoz\u0159ejm\u011b je jejich chov\u00e1n\u00ed o n\u011bco v\u00edce pohor\u0161uj\u00edc\u00ed, ne\u017e chov\u00e1n\u00ed dosp\u011bl\u00fdch. U\u017e jen z toho d\u016fvodu, \u017ee jsou d\u011bti na\u0161e budouc\u00ed generace. Co pak o nich nevhodn\u00e9 chov\u00e1n\u00ed napov\u00edd\u00e1? A kam se jako lidstvo s takov\u00fdm chov\u00e1n\u00edm vlastn\u011b dostaneme? Kdy\u017e jste rodi\u010de, uv\u011bdomte si, jakou m\u00e1te zodpov\u011bdnost a \u00falohu v \u017eivot\u011b b\u00fdt pro sv\u00e9 d\u011bti p\u0159\u00edkladem, kter\u00fd m\u016f\u017eou pak posunout d\u00e1le.\tPROS\u00cdM A D\u011aKUJIDv\u011b z\u00e1kladn\u00ed sl\u016fvka, kter\u00e9 vedou k tomu, aby se projevila druh\u00fdm lidem \u00facta.A p\u0159es to, \u017ee jsou tyto slova tak oby\u010dejn\u00e1, jsou dnes pom\u011brn\u011b m\u00e1lo sly\u0161en\u00e1 a u\u017e i o n\u011bco m\u00e9n\u011b u\u010den\u00e1. To prvn\u00ed, co byste m\u011bli sv\u00e9 d\u011bti nau\u010dit u\u017e od mali\u010dka, je kouzlo t\u011bchto dvou slov, kter\u00e9 jim v \u017eivot\u011b budou v\u017edy jen pozitivn\u00edm p\u0159\u00ednosem pro jejich fungov\u00e1n\u00ed v tomto n\u00e1ro\u010dn\u00e9m sv\u011bt\u011b.Tyto dv\u011b slova, by ka\u017ed\u00fd \u010dlov\u011bk m\u011bl denn\u011b vyslovit minim\u00e1ln\u011b jednou a mo\u017en\u00e1 by se chov\u00e1n\u00ed lid\u00ed, kte\u0159\u00ed je nepou\u017e\u00edvaj\u00ed zlep\u0161ilo natolik, \u017ee by se u\u017e nemohlo \u0159\u00edct, \u017ee je to beznad\u011bjn\u00e1 doba, ve kter\u00e9 nelze naj\u00edt chov\u00e1n\u00ed, o jak\u00e9 je u\u017e dnes velk\u00e1 nouze.                                                                                                                                                                                                                                                                                                                                                                                        4.1\/5 - (7 votes)        "},{"@context":"https:\/\/schema.org\/","@type":"BreadcrumbList","itemListElement":[{"@type":"ListItem","position":1,"name":"Kam se pod\u011blo slu\u0161n\u00e9 vychov\u00e1n\u00ed?","item":"https:\/\/www.cmsozzn.cz\/kam-se-podelo-slusne-vychovani\/#breadcrumbitem"}]}]